{"id":1,"date":"2025-04-15T08:31:32","date_gmt":"2025-04-15T06:31:32","guid":{"rendered":"https:\/\/vedomysvet.sk\/?p=1"},"modified":"2025-04-18T05:32:24","modified_gmt":"2025-04-18T03:32:24","slug":"ahoj-svet","status":"publish","type":"post","link":"https:\/\/vedomysvet.sk\/?p=1","title":{"rendered":"N\u00e1hody neexistuj\u00fa!"},"content":{"rendered":"\n<h3 class=\"wp-block-heading\"><strong>V\u0161etko, \u010do sa Ti v \u017eivote deje, nie je n\u00e1hoda ani trest \u2013 je to odraz Tvojho vn\u00fatra<\/strong><\/h3>\n\n\n\n<p>Ob\u010das m\u00e1me pocit, \u017ee sa n\u00e1m dej\u00fa veci \u201elen tak\u201c. \u017de \u017eivot si s nami zahr\u00e1va, \u017ee osud je nespravodliv\u00fd alebo \u017ee sme jednoducho \u201enemali \u0161\u0165astie\u201c. No \u010do ak Ti poviem, \u017ee ni\u010d v Tvojom \u017eivote sa nedeje n\u00e1hodou \u2013 a u\u017e v\u00f4bec nie ako trest?<\/p>\n\n\n\n<p>To, \u010do pre\u017e\u00edva\u0161, je zrkadlom Tvojho vn\u00fatorn\u00e9ho sveta. Tvoje my\u0161lienky, presved\u010denia, obavy, t\u00fa\u017eby aj nevedom\u00e9 vzorce sa odr\u00e1\u017eaj\u00fa v Tvojej realite. \u017divot Ti ukazuje, kde sa nach\u00e1dza\u0161 vo svojom vn\u00fatri \u2013 nie preto, aby \u0164a potrestal, ale aby Ti pomohol r\u00e1s\u0165.<\/p>\n\n\n\n<h4 class=\"wp-block-heading\">Vn\u00fatorn\u00fd svet vytv\u00e1ra ten vonkaj\u0161\u00ed<\/h4>\n\n\n\n<p>Mo\u017eno to znie ako kli\u0161\u00e9, ale sk\u00fas sa na chv\u00ed\u013eu zamyslie\u0165. Ke\u010f si \u0161\u0165astn\u00fd, v\u010fa\u010dn\u00fd a vn\u00fatorne v pokoji, zd\u00e1 sa, \u017ee veci plyn\u00fa hladko. A naopak \u2013 ke\u010f c\u00edti\u0161 stres, strach alebo pochybnosti, realita akoby sa s t\u00fdm zos\u00faladila. N\u00e1hody zrazu nie s\u00fa a\u017e tak\u00e9 n\u00e1hodn\u00e9. S\u00fa odrazom Teba.<\/p>\n\n\n\n<h4 class=\"wp-block-heading\">Dobr\u00e1 spr\u00e1va? M\u00f4\u017ee\u0161 to meni\u0165<\/h4>\n\n\n\n<p>Najkraj\u0161ia \u010das\u0165 tohto v\u0161etk\u00e9ho je, \u017ee svoje vn\u00fatro m\u00f4\u017ee\u0161 vedome meni\u0165. Nie si obe\u0165ou okolnost\u00ed. M\u00e1\u0161 schopnos\u0165 zastavi\u0165 sa, pozrie\u0165 sa do seba a poveda\u0165: <em>&#8222;\u010co mi t\u00e1to situ\u00e1cia zrkadl\u00ed? \u010co m\u00e1m pochopi\u0165, uvo\u013eni\u0165, odpusti\u0165?&#8220;<\/em><\/p>\n\n\n\n<p>Zmena sa neza\u010d\u00edna \u201etam vonku\u201c. Za\u010d\u00edna sa v Tebe. Ke\u010f za\u010dne\u0161 meni\u0165 sp\u00f4sob, ak\u00fdm mysl\u00ed\u0161, c\u00edti\u0161 a reaguje\u0161, za\u010dne sa meni\u0165 aj Tvoj svet.<\/p>\n\n\n\n<p>By\u0165 vedom\u00fd tvorca svojho \u017eivota neznamen\u00e1 ma\u0165 v\u0161etko pod kontrolou. Znamen\u00e1 to by\u0165 zodpovedn\u00fd za svoje vn\u00fatro \u2013 za svoje reakcie, my\u0161lienky a energiu, ktor\u00fa vysiela\u0161. A ke\u010f sa Ti stane nie\u010do n\u00e1ro\u010dn\u00e9, nes\u00fa\u010f to hne\u010f. Sk\u00fas sa sp\u00fdta\u0165: <em>&#8222;\u010co mi to m\u00e1 uk\u00e1za\u0165? Kam sa m\u00e1m posun\u00fa\u0165?&#8220;<\/em><\/p>\n\n\n\n<p>\u017divot nie je proti Tebe. \u017divot je na Tvojej strane. Aj ke\u010f to niekedy bol\u00ed, aj ke\u010f nerozumie\u0161 hne\u010f. Ka\u017ed\u00e1 sk\u00fasenos\u0165 je volan\u00edm k tomu, aby si sa pribl\u00ed\u017eil k sebe. K pravde o sebe. K svojmu vedom\u00e9mu ja.<\/p>\n\n\n\n<hr class=\"wp-block-separator has-alpha-channel-opacity\"\/>\n\n\n\n<p>Tvoj \u017eivot nie je n\u00e1hoda. Nie je trest. Je to pr\u00edbeh, ktor\u00fd si tvor\u00ed\u0161 \u2013 vedome \u010di nevedome. A ke\u010f pochop\u00ed\u0161 t\u00fato silu, ktor\u00fa m\u00e1\u0161, prestane\u0161 by\u0165 len pasa\u017eierom a stane\u0161 sa tvorcom. T\u00fdm, kto si vyber\u00e1, \u010do nos\u00ed vo vn\u00fatri \u2013 a t\u00fdm aj to, \u010do sa zrkadl\u00ed navonok.<\/p>\n\n\n\n<p>Za\u010dni mal\u00fdmi krokmi. Pozoruj sa. Vn\u00edmaj. A dovo\u013e si meni\u0165 sa \u2013 zvn\u00fatra von.<\/p>\n\n\n\n<p>A ak nevie\u0161 ako za\u010da\u0165, viem Ti s t\u00fdm pom\u00f4c\u0165. Viac inform\u00e1ci\u00ed n\u00e1jde\u0161 <a href=\"https:\/\/vedomysvet.sk\/?page_id=71\" data-type=\"page\" data-id=\"71\">TU<\/a>.<\/p>\n\n\n\n<hr class=\"wp-block-separator has-alpha-channel-opacity\"\/>\n\n\n\n<p><\/p>\n","protected":false},"excerpt":{"rendered":"<p>V\u0161etko, \u010do sa Ti v \u017eivote deje, nie je n\u00e1hoda ani trest \u2013 je to odraz Tvojho vn\u00fatra Ob\u010das m\u00e1me pocit, \u017ee sa n\u00e1m dej\u00fa veci \u201elen tak\u201c. \u017de \u017eivot si s nami zahr\u00e1va, \u017ee osud je nespravodliv\u00fd alebo \u017ee sme jednoducho \u201enemali \u0161\u0165astie\u201c. No \u010do ak Ti poviem, \u017ee ni\u010d v Tvojom \u017eivote sa&#8230;<\/p>\n","protected":false},"author":1,"featured_media":7,"comment_status":"open","ping_status":"open","sticky":false,"template":"","format":"standard","meta":{"_jetpack_memberships_contains_paid_content":false,"footnotes":""},"categories":[1],"tags":[],"class_list":["post-1","post","type-post","status-publish","format-standard","has-post-thumbnail","hentry","category-nezaradene"],"jetpack_featured_media_url":"https:\/\/vedomysvet.sk\/wp-content\/uploads\/2025\/04\/shutterstock_1936949806-scaled.jpg","jetpack_sharing_enabled":true,"_links":{"self":[{"href":"https:\/\/vedomysvet.sk\/index.php?rest_route=\/wp\/v2\/posts\/1","targetHints":{"allow":["GET"]}}],"collection":[{"href":"https:\/\/vedomysvet.sk\/index.php?rest_route=\/wp\/v2\/posts"}],"about":[{"href":"https:\/\/vedomysvet.sk\/index.php?rest_route=\/wp\/v2\/types\/post"}],"author":[{"embeddable":true,"href":"https:\/\/vedomysvet.sk\/index.php?rest_route=\/wp\/v2\/users\/1"}],"replies":[{"embeddable":true,"href":"https:\/\/vedomysvet.sk\/index.php?rest_route=%2Fwp%2Fv2%2Fcomments&post=1"}],"version-history":[{"count":4,"href":"https:\/\/vedomysvet.sk\/index.php?rest_route=\/wp\/v2\/posts\/1\/revisions"}],"predecessor-version":[{"id":157,"href":"https:\/\/vedomysvet.sk\/index.php?rest_route=\/wp\/v2\/posts\/1\/revisions\/157"}],"wp:featuredmedia":[{"embeddable":true,"href":"https:\/\/vedomysvet.sk\/index.php?rest_route=\/wp\/v2\/media\/7"}],"wp:attachment":[{"href":"https:\/\/vedomysvet.sk\/index.php?rest_route=%2Fwp%2Fv2%2Fmedia&parent=1"}],"wp:term":[{"taxonomy":"category","embeddable":true,"href":"https:\/\/vedomysvet.sk\/index.php?rest_route=%2Fwp%2Fv2%2Fcategories&post=1"},{"taxonomy":"post_tag","embeddable":true,"href":"https:\/\/vedomysvet.sk\/index.php?rest_route=%2Fwp%2Fv2%2Ftags&post=1"}],"curies":[{"name":"wp","href":"https:\/\/api.w.org\/{rel}","templated":true}]}}